{"id":1941,"date":"2015-09-28T17:18:07","date_gmt":"2015-09-28T21:18:07","guid":{"rendered":"\/?p=1941"},"modified":"2015-09-28T17:18:07","modified_gmt":"2015-09-28T21:18:07","slug":"eviter-quune-propriete-vegete-sur-le-marche","status":"publish","type":"post","link":"https:\/\/claireherard.com\/en\/non-classe\/eviter-quune-propriete-vegete-sur-le-marche\/","title":{"rendered":"\u00c9viter qu&#8217;une propri\u00e9t\u00e9 \u00ab v\u00e9g\u00e8te \u00bb sur le march\u00e9"},"content":{"rendered":"<p>Fin de la morosit\u00e9? Ga\u00e9tan Cloutier ne s\u2019attendait pas \u00e0 changer deux fois d\u2019agent quand il a mis son condo en vente en juin 2014. C\u2019est pourtant ce que ce propri\u00e9taire d\u2019un appartement de trois pi\u00e8ces situ\u00e9 pr\u00e8s de la Promenade Masson a d\u00fb faire.<\/p>\n<div class=\"body\">\n<section id=\"screenShare\">\n<div class=\"firstCol\">\n<div class=\"wrapper\">\n<div class=\"articles\">\n<article>\n<div class=\"articleContent\">\n<p>\u00ab\u00a0Je suis d\u2019abord all\u00e9 chez un courtier sans commission, en me donnant une fen\u00eatre de quatre mois, explique l\u2019homme dans la quarantaine. Au bout de deux mois, il ne se passait rien et je suis pass\u00e9 \u00e0 un courtier immobilier standard, puis quatre mois plus tard, toujours rien. Je suis finalement pass\u00e9 chez un autre courtier, avec qui j\u2019ai fini par vendre, neuf mois apr\u00e8s l\u2019inscription de mon condo sur le march\u00e9.\u00a0\u00bb<\/p>\n<\/div>\n<\/article>\n<\/div>\n<\/div>\n<\/div>\n<\/section>\n<\/div>\n","protected":false},"excerpt":{"rendered":"<p>Fin de la morosit\u00e9? Ga\u00e9tan Cloutier ne s\u2019attendait pas \u00e0 changer deux fois d\u2019agent quand il a mis son condo en vente en juin 2014. C\u2019est pourtant ce que ce propri\u00e9taire d\u2019un appartement de trois pi\u00e8ces situ\u00e9 pr\u00e8s de la Promenade Masson a d\u00fb faire. \u00ab\u00a0Je suis d\u2019abord all\u00e9 chez un courtier sans commission, en [&hellip;]<\/p>\n","protected":false},"author":543,"featured_media":0,"comment_status":"open","ping_status":"open","sticky":false,"template":"","format":"standard","meta":{"_acf_changed":false,"footnotes":""},"categories":[1],"tags":[],"class_list":["post-1941","post","type-post","status-publish","format-standard","hentry","category-non-classe"],"acf":[],"yoast_head":"<!-- This site is optimized with the Yoast SEO plugin v26.7 - https:\/\/yoast.com\/wordpress\/plugins\/seo\/ -->\n<title>\u00c9viter qu&#039;une propri\u00e9t\u00e9 \u00ab v\u00e9g\u00e8te \u00bb sur le march\u00e9 - Claire H\u00e9rard, courtier immobilier<\/title>\n<meta name=\"robots\" content=\"index, follow, max-snippet:-1, max-image-preview:large, max-video-preview:-1\" \/>\n<link rel=\"canonical\" href=\"https:\/\/claireherard.com\/en\/non-classe\/eviter-quune-propriete-vegete-sur-le-marche\/\" \/>\n<meta property=\"og:locale\" content=\"en_US\" \/>\n<meta property=\"og:type\" content=\"article\" \/>\n<meta property=\"og:title\" content=\"\u00c9viter qu&#039;une propri\u00e9t\u00e9 \u00ab v\u00e9g\u00e8te \u00bb sur le march\u00e9 - Claire H\u00e9rard, courtier immobilier\" \/>\n<meta property=\"og:description\" content=\"Fin de la morosit\u00e9? Ga\u00e9tan Cloutier ne s\u2019attendait pas \u00e0 changer deux fois d\u2019agent quand il a mis son condo en vente en juin 2014. C\u2019est pourtant ce que ce propri\u00e9taire d\u2019un appartement de trois pi\u00e8ces situ\u00e9 pr\u00e8s de la Promenade Masson a d\u00fb faire. \u00ab\u00a0Je suis d\u2019abord all\u00e9 chez un courtier sans commission, en [&hellip;]\" \/>\n<meta property=\"og:url\" content=\"https:\/\/claireherard.com\/en\/non-classe\/eviter-quune-propriete-vegete-sur-le-marche\/\" \/>\n<meta property=\"og:site_name\" content=\"Claire H\u00e9rard, courtier immobilier\" \/>\n<meta property=\"article:publisher\" content=\"https:\/\/www.facebook.com\/Claire.Herard.courtier.immobilier.Remax.Laval.Mtl\/\" \/>\n<meta property=\"article:published_time\" content=\"2015-09-28T21:18:07+00:00\" \/>\n<meta name=\"author\" content=\"MAUDE GELINAS\" \/>\n<meta name=\"twitter:card\" content=\"summary_large_image\" \/>\n<meta name=\"twitter:creator\" content=\"@ClaireHerard\" \/>\n<meta name=\"twitter:site\" content=\"@ClaireHerard\" \/>\n<meta name=\"twitter:label1\" content=\"Written by\" \/>\n\t<meta name=\"twitter:data1\" content=\"MAUDE GELINAS\" \/>\n\t<meta name=\"twitter:label2\" content=\"Est. reading time\" \/>\n\t<meta name=\"twitter:data2\" content=\"1 minute\" \/>\n<script type=\"application\/ld+json\" class=\"yoast-schema-graph\">{\"@context\":\"https:\/\/schema.org\",\"@graph\":[{\"@type\":\"Article\",\"@id\":\"https:\/\/claireherard.com\/en\/non-classe\/eviter-quune-propriete-vegete-sur-le-marche\/#article\",\"isPartOf\":{\"@id\":\"https:\/\/claireherard.com\/en\/non-classe\/eviter-quune-propriete-vegete-sur-le-marche\/\"},\"author\":{\"name\":\"MAUDE GELINAS\",\"@id\":\"https:\/\/claireherard.com\/#\/schema\/person\/240245372992f4f47301a9431cbaa638\"},\"headline\":\"\u00c9viter qu&#8217;une propri\u00e9t\u00e9 \u00ab v\u00e9g\u00e8te \u00bb sur le march\u00e9\",\"datePublished\":\"2015-09-28T21:18:07+00:00\",\"mainEntityOfPage\":{\"@id\":\"https:\/\/claireherard.com\/en\/non-classe\/eviter-quune-propriete-vegete-sur-le-marche\/\"},\"wordCount\":139,\"commentCount\":0,\"publisher\":{\"@id\":\"https:\/\/claireherard.com\/#\/schema\/person\/5a2f62181697a27c9d32633b24aa19c6\"},\"articleSection\":[\"Non class\u00e9\"],\"inLanguage\":\"en-US\",\"potentialAction\":[{\"@type\":\"CommentAction\",\"name\":\"Comment\",\"target\":[\"https:\/\/claireherard.com\/en\/non-classe\/eviter-quune-propriete-vegete-sur-le-marche\/#respond\"]}]},{\"@type\":\"WebPage\",\"@id\":\"https:\/\/claireherard.com\/en\/non-classe\/eviter-quune-propriete-vegete-sur-le-marche\/\",\"url\":\"https:\/\/claireherard.com\/en\/non-classe\/eviter-quune-propriete-vegete-sur-le-marche\/\",\"name\":\"\u00c9viter qu'une propri\u00e9t\u00e9 \u00ab v\u00e9g\u00e8te \u00bb sur le march\u00e9 - Claire H\u00e9rard, courtier immobilier\",\"isPartOf\":{\"@id\":\"https:\/\/claireherard.com\/#website\"},\"datePublished\":\"2015-09-28T21:18:07+00:00\",\"breadcrumb\":{\"@id\":\"https:\/\/claireherard.com\/en\/non-classe\/eviter-quune-propriete-vegete-sur-le-marche\/#breadcrumb\"},\"inLanguage\":\"en-US\",\"potentialAction\":[{\"@type\":\"ReadAction\",\"target\":[\"https:\/\/claireherard.com\/en\/non-classe\/eviter-quune-propriete-vegete-sur-le-marche\/\"]}]},{\"@type\":\"BreadcrumbList\",\"@id\":\"https:\/\/claireherard.com\/en\/non-classe\/eviter-quune-propriete-vegete-sur-le-marche\/#breadcrumb\",\"itemListElement\":[{\"@type\":\"ListItem\",\"position\":1,\"name\":\"Accueil\",\"item\":\"https:\/\/claireherard.com\/\"},{\"@type\":\"ListItem\",\"position\":2,\"name\":\"\u00c9viter qu&#8217;une propri\u00e9t\u00e9 \u00ab v\u00e9g\u00e8te \u00bb sur le march\u00e9\"}]},{\"@type\":\"WebSite\",\"@id\":\"https:\/\/claireherard.com\/#website\",\"url\":\"https:\/\/claireherard.com\/\",\"name\":\"Claire H\u00e9rard, courtier immobilier\",\"description\":\"Un site du r\u00e9seau Aliquando\",\"publisher\":{\"@id\":\"https:\/\/claireherard.com\/#\/schema\/person\/5a2f62181697a27c9d32633b24aa19c6\"},\"potentialAction\":[{\"@type\":\"SearchAction\",\"target\":{\"@type\":\"EntryPoint\",\"urlTemplate\":\"https:\/\/claireherard.com\/?s={search_term_string}\"},\"query-input\":{\"@type\":\"PropertyValueSpecification\",\"valueRequired\":true,\"valueName\":\"search_term_string\"}}],\"inLanguage\":\"en-US\"},{\"@type\":[\"Person\",\"Organization\"],\"@id\":\"https:\/\/claireherard.com\/#\/schema\/person\/5a2f62181697a27c9d32633b24aa19c6\",\"name\":\"CLAIRE HERARD\",\"image\":{\"@type\":\"ImageObject\",\"inLanguage\":\"en-US\",\"@id\":\"https:\/\/claireherard.com\/#\/schema\/person\/image\/\",\"url\":\"https:\/\/claireherard.com\/files\/2022\/09\/LOGO-Claire-H.-2022.png\",\"contentUrl\":\"https:\/\/claireherard.com\/files\/2022\/09\/LOGO-Claire-H.-2022.png\",\"width\":500,\"height\":500,\"caption\":\"CLAIRE HERARD\"},\"logo\":{\"@id\":\"https:\/\/claireherard.com\/#\/schema\/person\/image\/\"},\"sameAs\":[\"https:\/\/www.facebook.com\/Claire.Herard.courtier.immobilier.Remax.Laval.Mtl\/\",\"https:\/\/www.instagram.com\/claireherard_remax2000\/\",\"https:\/\/www.linkedin.com\/in\/claire-hrard-7797127\/\",\"https:\/\/x.com\/https:\/\/twitter.com\/ClaireHerard\"]},{\"@type\":\"Person\",\"@id\":\"https:\/\/claireherard.com\/#\/schema\/person\/240245372992f4f47301a9431cbaa638\",\"name\":\"MAUDE GELINAS\",\"image\":{\"@type\":\"ImageObject\",\"inLanguage\":\"en-US\",\"@id\":\"https:\/\/claireherard.com\/#\/schema\/person\/image\/\",\"url\":\"https:\/\/secure.gravatar.com\/avatar\/b16e25a4220e94a807580d7c2048aa67cce4f3d763d2ebc202ad24cba0214119?s=96&d=mm&r=g\",\"contentUrl\":\"https:\/\/secure.gravatar.com\/avatar\/b16e25a4220e94a807580d7c2048aa67cce4f3d763d2ebc202ad24cba0214119?s=96&d=mm&r=g\",\"caption\":\"MAUDE GELINAS\"},\"url\":\"https:\/\/claireherard.com\/en\/author\/16684\/\"}]}<\/script>\n<!-- \/ Yoast SEO plugin. -->","yoast_head_json":{"title":"\u00c9viter qu'une propri\u00e9t\u00e9 \u00ab v\u00e9g\u00e8te \u00bb sur le march\u00e9 - Claire H\u00e9rard, courtier immobilier","robots":{"index":"index","follow":"follow","max-snippet":"max-snippet:-1","max-image-preview":"max-image-preview:large","max-video-preview":"max-video-preview:-1"},"canonical":"https:\/\/claireherard.com\/en\/non-classe\/eviter-quune-propriete-vegete-sur-le-marche\/","og_locale":"en_US","og_type":"article","og_title":"\u00c9viter qu'une propri\u00e9t\u00e9 \u00ab v\u00e9g\u00e8te \u00bb sur le march\u00e9 - Claire H\u00e9rard, courtier immobilier","og_description":"Fin de la morosit\u00e9? Ga\u00e9tan Cloutier ne s\u2019attendait pas \u00e0 changer deux fois d\u2019agent quand il a mis son condo en vente en juin 2014. C\u2019est pourtant ce que ce propri\u00e9taire d\u2019un appartement de trois pi\u00e8ces situ\u00e9 pr\u00e8s de la Promenade Masson a d\u00fb faire. \u00ab\u00a0Je suis d\u2019abord all\u00e9 chez un courtier sans commission, en [&hellip;]","og_url":"https:\/\/claireherard.com\/en\/non-classe\/eviter-quune-propriete-vegete-sur-le-marche\/","og_site_name":"Claire H\u00e9rard, courtier immobilier","article_publisher":"https:\/\/www.facebook.com\/Claire.Herard.courtier.immobilier.Remax.Laval.Mtl\/","article_published_time":"2015-09-28T21:18:07+00:00","author":"MAUDE GELINAS","twitter_card":"summary_large_image","twitter_creator":"@ClaireHerard","twitter_site":"@ClaireHerard","twitter_misc":{"Written by":"MAUDE GELINAS","Est. reading time":"1 minute"},"schema":{"@context":"https:\/\/schema.org","@graph":[{"@type":"Article","@id":"https:\/\/claireherard.com\/en\/non-classe\/eviter-quune-propriete-vegete-sur-le-marche\/#article","isPartOf":{"@id":"https:\/\/claireherard.com\/en\/non-classe\/eviter-quune-propriete-vegete-sur-le-marche\/"},"author":{"name":"MAUDE GELINAS","@id":"https:\/\/claireherard.com\/#\/schema\/person\/240245372992f4f47301a9431cbaa638"},"headline":"\u00c9viter qu&#8217;une propri\u00e9t\u00e9 \u00ab v\u00e9g\u00e8te \u00bb sur le march\u00e9","datePublished":"2015-09-28T21:18:07+00:00","mainEntityOfPage":{"@id":"https:\/\/claireherard.com\/en\/non-classe\/eviter-quune-propriete-vegete-sur-le-marche\/"},"wordCount":139,"commentCount":0,"publisher":{"@id":"https:\/\/claireherard.com\/#\/schema\/person\/5a2f62181697a27c9d32633b24aa19c6"},"articleSection":["Non class\u00e9"],"inLanguage":"en-US","potentialAction":[{"@type":"CommentAction","name":"Comment","target":["https:\/\/claireherard.com\/en\/non-classe\/eviter-quune-propriete-vegete-sur-le-marche\/#respond"]}]},{"@type":"WebPage","@id":"https:\/\/claireherard.com\/en\/non-classe\/eviter-quune-propriete-vegete-sur-le-marche\/","url":"https:\/\/claireherard.com\/en\/non-classe\/eviter-quune-propriete-vegete-sur-le-marche\/","name":"\u00c9viter qu'une propri\u00e9t\u00e9 \u00ab v\u00e9g\u00e8te \u00bb sur le march\u00e9 - Claire H\u00e9rard, courtier immobilier","isPartOf":{"@id":"https:\/\/claireherard.com\/#website"},"datePublished":"2015-09-28T21:18:07+00:00","breadcrumb":{"@id":"https:\/\/claireherard.com\/en\/non-classe\/eviter-quune-propriete-vegete-sur-le-marche\/#breadcrumb"},"inLanguage":"en-US","potentialAction":[{"@type":"ReadAction","target":["https:\/\/claireherard.com\/en\/non-classe\/eviter-quune-propriete-vegete-sur-le-marche\/"]}]},{"@type":"BreadcrumbList","@id":"https:\/\/claireherard.com\/en\/non-classe\/eviter-quune-propriete-vegete-sur-le-marche\/#breadcrumb","itemListElement":[{"@type":"ListItem","position":1,"name":"Accueil","item":"https:\/\/claireherard.com\/"},{"@type":"ListItem","position":2,"name":"\u00c9viter qu&#8217;une propri\u00e9t\u00e9 \u00ab v\u00e9g\u00e8te \u00bb sur le march\u00e9"}]},{"@type":"WebSite","@id":"https:\/\/claireherard.com\/#website","url":"https:\/\/claireherard.com\/","name":"Claire H\u00e9rard, courtier immobilier","description":"Un site du r\u00e9seau Aliquando","publisher":{"@id":"https:\/\/claireherard.com\/#\/schema\/person\/5a2f62181697a27c9d32633b24aa19c6"},"potentialAction":[{"@type":"SearchAction","target":{"@type":"EntryPoint","urlTemplate":"https:\/\/claireherard.com\/?s={search_term_string}"},"query-input":{"@type":"PropertyValueSpecification","valueRequired":true,"valueName":"search_term_string"}}],"inLanguage":"en-US"},{"@type":["Person","Organization"],"@id":"https:\/\/claireherard.com\/#\/schema\/person\/5a2f62181697a27c9d32633b24aa19c6","name":"CLAIRE HERARD","image":{"@type":"ImageObject","inLanguage":"en-US","@id":"https:\/\/claireherard.com\/#\/schema\/person\/image\/","url":"https:\/\/claireherard.com\/files\/2022\/09\/LOGO-Claire-H.-2022.png","contentUrl":"https:\/\/claireherard.com\/files\/2022\/09\/LOGO-Claire-H.-2022.png","width":500,"height":500,"caption":"CLAIRE HERARD"},"logo":{"@id":"https:\/\/claireherard.com\/#\/schema\/person\/image\/"},"sameAs":["https:\/\/www.facebook.com\/Claire.Herard.courtier.immobilier.Remax.Laval.Mtl\/","https:\/\/www.instagram.com\/claireherard_remax2000\/","https:\/\/www.linkedin.com\/in\/claire-hrard-7797127\/","https:\/\/x.com\/https:\/\/twitter.com\/ClaireHerard"]},{"@type":"Person","@id":"https:\/\/claireherard.com\/#\/schema\/person\/240245372992f4f47301a9431cbaa638","name":"MAUDE GELINAS","image":{"@type":"ImageObject","inLanguage":"en-US","@id":"https:\/\/claireherard.com\/#\/schema\/person\/image\/","url":"https:\/\/secure.gravatar.com\/avatar\/b16e25a4220e94a807580d7c2048aa67cce4f3d763d2ebc202ad24cba0214119?s=96&d=mm&r=g","contentUrl":"https:\/\/secure.gravatar.com\/avatar\/b16e25a4220e94a807580d7c2048aa67cce4f3d763d2ebc202ad24cba0214119?s=96&d=mm&r=g","caption":"MAUDE GELINAS"},"url":"https:\/\/claireherard.com\/en\/author\/16684\/"}]}},"_links":{"self":[{"href":"https:\/\/claireherard.com\/en\/wp-json\/wp\/v2\/posts\/1941","targetHints":{"allow":["GET"]}}],"collection":[{"href":"https:\/\/claireherard.com\/en\/wp-json\/wp\/v2\/posts"}],"about":[{"href":"https:\/\/claireherard.com\/en\/wp-json\/wp\/v2\/types\/post"}],"author":[{"embeddable":true,"href":"https:\/\/claireherard.com\/en\/wp-json\/wp\/v2\/users\/543"}],"replies":[{"embeddable":true,"href":"https:\/\/claireherard.com\/en\/wp-json\/wp\/v2\/comments?post=1941"}],"version-history":[{"count":2,"href":"https:\/\/claireherard.com\/en\/wp-json\/wp\/v2\/posts\/1941\/revisions"}],"predecessor-version":[{"id":1945,"href":"https:\/\/claireherard.com\/en\/wp-json\/wp\/v2\/posts\/1941\/revisions\/1945"}],"wp:attachment":[{"href":"https:\/\/claireherard.com\/en\/wp-json\/wp\/v2\/media?parent=1941"}],"wp:term":[{"taxonomy":"category","embeddable":true,"href":"https:\/\/claireherard.com\/en\/wp-json\/wp\/v2\/categories?post=1941"},{"taxonomy":"post_tag","embeddable":true,"href":"https:\/\/claireherard.com\/en\/wp-json\/wp\/v2\/tags?post=1941"}],"curies":[{"name":"wp","href":"https:\/\/api.w.org\/{rel}","templated":true}]}}