{"id":2029,"date":"2016-01-05T15:45:45","date_gmt":"2016-01-05T20:45:45","guid":{"rendered":"\/?p=2029"},"modified":"2016-01-05T15:45:45","modified_gmt":"2016-01-05T20:45:45","slug":"tendances-2016-dans-la-salle-de-bains","status":"publish","type":"post","link":"https:\/\/claireherard.com\/en\/non-classe\/tendances-2016-dans-la-salle-de-bains\/","title":{"rendered":"Tendances 2016: dans la salle de bains"},"content":{"rendered":"<div class=\"excerpt\">\n<p class=\"amorce\">EN TOUTE CONTINUIT\u00c9&#8230;Les salles de bains rivalisent d&#8217;\u00e9l\u00e9gance. Voici, en quatre tendances, ce qui les caract\u00e9rise \u00e0 l&#8217;aube de 2016.<\/p>\n<\/div>\n<div class=\"entry chapitre chapitreTexte\">\n<p>La salle de bains n&#8217;est plus une pi\u00e8ce n\u00e9glig\u00e9e, constate Nathalie Charette, designer chez Tendances Concept. Elle est am\u00e9nag\u00e9e dans le m\u00eame style et avec les m\u00eames mat\u00e9riaux que le reste de la maison. Pour donner un effet de l\u00e9g\u00e8ret\u00e9, les meubles suspendus demeurent la norme, dit-elle. Comme dans la cuisine, par ailleurs, o\u00f9 les plans de travail s&#8217;affinent, les vasques moul\u00e9es et int\u00e9gr\u00e9es aux meubles-lavabos sont plus minces, souligne Christine Gagnon, charg\u00e9e de projet chez Batimat. C&#8217;est le cas des lavabos aux lignes \u00e9pur\u00e9es de la nouvelle collection W2, de Wetstyle.<\/p>\n<\/div>\n","protected":false},"excerpt":{"rendered":"<p>EN TOUTE CONTINUIT\u00c9&#8230;Les salles de bains rivalisent d&#8217;\u00e9l\u00e9gance. Voici, en quatre tendances, ce qui les caract\u00e9rise \u00e0 l&#8217;aube de 2016. La salle de bains n&#8217;est plus une pi\u00e8ce n\u00e9glig\u00e9e, constate Nathalie Charette, designer chez Tendances Concept. Elle est am\u00e9nag\u00e9e dans le m\u00eame style et avec les m\u00eames mat\u00e9riaux que le reste de la maison. Pour [&hellip;]<\/p>\n","protected":false},"author":543,"featured_media":0,"comment_status":"open","ping_status":"open","sticky":false,"template":"","format":"standard","meta":{"_acf_changed":false,"footnotes":""},"categories":[1],"tags":[],"class_list":["post-2029","post","type-post","status-publish","format-standard","hentry","category-non-classe"],"acf":[],"yoast_head":"<!-- This site is optimized with the Yoast SEO plugin v26.7 - https:\/\/yoast.com\/wordpress\/plugins\/seo\/ -->\n<title>Tendances 2016: dans la salle de bains - Claire H\u00e9rard, courtier immobilier<\/title>\n<meta name=\"robots\" content=\"index, follow, max-snippet:-1, max-image-preview:large, max-video-preview:-1\" \/>\n<link rel=\"canonical\" href=\"https:\/\/claireherard.com\/en\/non-classe\/tendances-2016-dans-la-salle-de-bains\/\" \/>\n<meta property=\"og:locale\" content=\"en_US\" \/>\n<meta property=\"og:type\" content=\"article\" \/>\n<meta property=\"og:title\" content=\"Tendances 2016: dans la salle de bains - Claire H\u00e9rard, courtier immobilier\" \/>\n<meta property=\"og:description\" content=\"EN TOUTE CONTINUIT\u00c9&#8230;Les salles de bains rivalisent d&#8217;\u00e9l\u00e9gance. Voici, en quatre tendances, ce qui les caract\u00e9rise \u00e0 l&#8217;aube de 2016. La salle de bains n&#8217;est plus une pi\u00e8ce n\u00e9glig\u00e9e, constate Nathalie Charette, designer chez Tendances Concept. Elle est am\u00e9nag\u00e9e dans le m\u00eame style et avec les m\u00eames mat\u00e9riaux que le reste de la maison. Pour [&hellip;]\" \/>\n<meta property=\"og:url\" content=\"https:\/\/claireherard.com\/en\/non-classe\/tendances-2016-dans-la-salle-de-bains\/\" \/>\n<meta property=\"og:site_name\" content=\"Claire H\u00e9rard, courtier immobilier\" \/>\n<meta property=\"article:publisher\" content=\"https:\/\/www.facebook.com\/Claire.Herard.courtier.immobilier.Remax.Laval.Mtl\/\" \/>\n<meta property=\"article:published_time\" content=\"2016-01-05T20:45:45+00:00\" \/>\n<meta name=\"author\" content=\"MAUDE GELINAS\" \/>\n<meta name=\"twitter:card\" content=\"summary_large_image\" \/>\n<meta name=\"twitter:creator\" content=\"@ClaireHerard\" \/>\n<meta name=\"twitter:site\" content=\"@ClaireHerard\" \/>\n<meta name=\"twitter:label1\" content=\"Written by\" \/>\n\t<meta name=\"twitter:data1\" content=\"MAUDE GELINAS\" \/>\n\t<meta name=\"twitter:label2\" content=\"Est. reading time\" \/>\n\t<meta name=\"twitter:data2\" content=\"1 minute\" \/>\n<script type=\"application\/ld+json\" class=\"yoast-schema-graph\">{\"@context\":\"https:\/\/schema.org\",\"@graph\":[{\"@type\":\"Article\",\"@id\":\"https:\/\/claireherard.com\/en\/non-classe\/tendances-2016-dans-la-salle-de-bains\/#article\",\"isPartOf\":{\"@id\":\"https:\/\/claireherard.com\/en\/non-classe\/tendances-2016-dans-la-salle-de-bains\/\"},\"author\":{\"name\":\"MAUDE GELINAS\",\"@id\":\"https:\/\/claireherard.com\/#\/schema\/person\/240245372992f4f47301a9431cbaa638\"},\"headline\":\"Tendances 2016: dans la salle de bains\",\"datePublished\":\"2016-01-05T20:45:45+00:00\",\"mainEntityOfPage\":{\"@id\":\"https:\/\/claireherard.com\/en\/non-classe\/tendances-2016-dans-la-salle-de-bains\/\"},\"wordCount\":139,\"commentCount\":0,\"publisher\":{\"@id\":\"https:\/\/claireherard.com\/#\/schema\/person\/5a2f62181697a27c9d32633b24aa19c6\"},\"articleSection\":[\"Non class\u00e9\"],\"inLanguage\":\"en-US\",\"potentialAction\":[{\"@type\":\"CommentAction\",\"name\":\"Comment\",\"target\":[\"https:\/\/claireherard.com\/en\/non-classe\/tendances-2016-dans-la-salle-de-bains\/#respond\"]}]},{\"@type\":\"WebPage\",\"@id\":\"https:\/\/claireherard.com\/en\/non-classe\/tendances-2016-dans-la-salle-de-bains\/\",\"url\":\"https:\/\/claireherard.com\/en\/non-classe\/tendances-2016-dans-la-salle-de-bains\/\",\"name\":\"Tendances 2016: dans la salle de bains - Claire H\u00e9rard, courtier immobilier\",\"isPartOf\":{\"@id\":\"https:\/\/claireherard.com\/#website\"},\"datePublished\":\"2016-01-05T20:45:45+00:00\",\"breadcrumb\":{\"@id\":\"https:\/\/claireherard.com\/en\/non-classe\/tendances-2016-dans-la-salle-de-bains\/#breadcrumb\"},\"inLanguage\":\"en-US\",\"potentialAction\":[{\"@type\":\"ReadAction\",\"target\":[\"https:\/\/claireherard.com\/en\/non-classe\/tendances-2016-dans-la-salle-de-bains\/\"]}]},{\"@type\":\"BreadcrumbList\",\"@id\":\"https:\/\/claireherard.com\/en\/non-classe\/tendances-2016-dans-la-salle-de-bains\/#breadcrumb\",\"itemListElement\":[{\"@type\":\"ListItem\",\"position\":1,\"name\":\"Accueil\",\"item\":\"https:\/\/claireherard.com\/\"},{\"@type\":\"ListItem\",\"position\":2,\"name\":\"Tendances 2016: dans la salle de bains\"}]},{\"@type\":\"WebSite\",\"@id\":\"https:\/\/claireherard.com\/#website\",\"url\":\"https:\/\/claireherard.com\/\",\"name\":\"Claire H\u00e9rard, courtier immobilier\",\"description\":\"Un site du r\u00e9seau Aliquando\",\"publisher\":{\"@id\":\"https:\/\/claireherard.com\/#\/schema\/person\/5a2f62181697a27c9d32633b24aa19c6\"},\"potentialAction\":[{\"@type\":\"SearchAction\",\"target\":{\"@type\":\"EntryPoint\",\"urlTemplate\":\"https:\/\/claireherard.com\/?s={search_term_string}\"},\"query-input\":{\"@type\":\"PropertyValueSpecification\",\"valueRequired\":true,\"valueName\":\"search_term_string\"}}],\"inLanguage\":\"en-US\"},{\"@type\":[\"Person\",\"Organization\"],\"@id\":\"https:\/\/claireherard.com\/#\/schema\/person\/5a2f62181697a27c9d32633b24aa19c6\",\"name\":\"CLAIRE HERARD\",\"image\":{\"@type\":\"ImageObject\",\"inLanguage\":\"en-US\",\"@id\":\"https:\/\/claireherard.com\/#\/schema\/person\/image\/\",\"url\":\"https:\/\/claireherard.com\/files\/2022\/09\/LOGO-Claire-H.-2022.png\",\"contentUrl\":\"https:\/\/claireherard.com\/files\/2022\/09\/LOGO-Claire-H.-2022.png\",\"width\":500,\"height\":500,\"caption\":\"CLAIRE HERARD\"},\"logo\":{\"@id\":\"https:\/\/claireherard.com\/#\/schema\/person\/image\/\"},\"sameAs\":[\"https:\/\/www.facebook.com\/Claire.Herard.courtier.immobilier.Remax.Laval.Mtl\/\",\"https:\/\/www.instagram.com\/claireherard_remax2000\/\",\"https:\/\/www.linkedin.com\/in\/claire-hrard-7797127\/\",\"https:\/\/x.com\/https:\/\/twitter.com\/ClaireHerard\"]},{\"@type\":\"Person\",\"@id\":\"https:\/\/claireherard.com\/#\/schema\/person\/240245372992f4f47301a9431cbaa638\",\"name\":\"MAUDE GELINAS\",\"image\":{\"@type\":\"ImageObject\",\"inLanguage\":\"en-US\",\"@id\":\"https:\/\/claireherard.com\/#\/schema\/person\/image\/\",\"url\":\"https:\/\/secure.gravatar.com\/avatar\/b16e25a4220e94a807580d7c2048aa67cce4f3d763d2ebc202ad24cba0214119?s=96&d=mm&r=g\",\"contentUrl\":\"https:\/\/secure.gravatar.com\/avatar\/b16e25a4220e94a807580d7c2048aa67cce4f3d763d2ebc202ad24cba0214119?s=96&d=mm&r=g\",\"caption\":\"MAUDE GELINAS\"},\"url\":\"https:\/\/claireherard.com\/en\/author\/16684\/\"}]}<\/script>\n<!-- \/ Yoast SEO plugin. -->","yoast_head_json":{"title":"Tendances 2016: dans la salle de bains - Claire H\u00e9rard, courtier immobilier","robots":{"index":"index","follow":"follow","max-snippet":"max-snippet:-1","max-image-preview":"max-image-preview:large","max-video-preview":"max-video-preview:-1"},"canonical":"https:\/\/claireherard.com\/en\/non-classe\/tendances-2016-dans-la-salle-de-bains\/","og_locale":"en_US","og_type":"article","og_title":"Tendances 2016: dans la salle de bains - Claire H\u00e9rard, courtier immobilier","og_description":"EN TOUTE CONTINUIT\u00c9&#8230;Les salles de bains rivalisent d&#8217;\u00e9l\u00e9gance. Voici, en quatre tendances, ce qui les caract\u00e9rise \u00e0 l&#8217;aube de 2016. La salle de bains n&#8217;est plus une pi\u00e8ce n\u00e9glig\u00e9e, constate Nathalie Charette, designer chez Tendances Concept. Elle est am\u00e9nag\u00e9e dans le m\u00eame style et avec les m\u00eames mat\u00e9riaux que le reste de la maison. Pour [&hellip;]","og_url":"https:\/\/claireherard.com\/en\/non-classe\/tendances-2016-dans-la-salle-de-bains\/","og_site_name":"Claire H\u00e9rard, courtier immobilier","article_publisher":"https:\/\/www.facebook.com\/Claire.Herard.courtier.immobilier.Remax.Laval.Mtl\/","article_published_time":"2016-01-05T20:45:45+00:00","author":"MAUDE GELINAS","twitter_card":"summary_large_image","twitter_creator":"@ClaireHerard","twitter_site":"@ClaireHerard","twitter_misc":{"Written by":"MAUDE GELINAS","Est. reading time":"1 minute"},"schema":{"@context":"https:\/\/schema.org","@graph":[{"@type":"Article","@id":"https:\/\/claireherard.com\/en\/non-classe\/tendances-2016-dans-la-salle-de-bains\/#article","isPartOf":{"@id":"https:\/\/claireherard.com\/en\/non-classe\/tendances-2016-dans-la-salle-de-bains\/"},"author":{"name":"MAUDE GELINAS","@id":"https:\/\/claireherard.com\/#\/schema\/person\/240245372992f4f47301a9431cbaa638"},"headline":"Tendances 2016: dans la salle de bains","datePublished":"2016-01-05T20:45:45+00:00","mainEntityOfPage":{"@id":"https:\/\/claireherard.com\/en\/non-classe\/tendances-2016-dans-la-salle-de-bains\/"},"wordCount":139,"commentCount":0,"publisher":{"@id":"https:\/\/claireherard.com\/#\/schema\/person\/5a2f62181697a27c9d32633b24aa19c6"},"articleSection":["Non class\u00e9"],"inLanguage":"en-US","potentialAction":[{"@type":"CommentAction","name":"Comment","target":["https:\/\/claireherard.com\/en\/non-classe\/tendances-2016-dans-la-salle-de-bains\/#respond"]}]},{"@type":"WebPage","@id":"https:\/\/claireherard.com\/en\/non-classe\/tendances-2016-dans-la-salle-de-bains\/","url":"https:\/\/claireherard.com\/en\/non-classe\/tendances-2016-dans-la-salle-de-bains\/","name":"Tendances 2016: dans la salle de bains - Claire H\u00e9rard, courtier immobilier","isPartOf":{"@id":"https:\/\/claireherard.com\/#website"},"datePublished":"2016-01-05T20:45:45+00:00","breadcrumb":{"@id":"https:\/\/claireherard.com\/en\/non-classe\/tendances-2016-dans-la-salle-de-bains\/#breadcrumb"},"inLanguage":"en-US","potentialAction":[{"@type":"ReadAction","target":["https:\/\/claireherard.com\/en\/non-classe\/tendances-2016-dans-la-salle-de-bains\/"]}]},{"@type":"BreadcrumbList","@id":"https:\/\/claireherard.com\/en\/non-classe\/tendances-2016-dans-la-salle-de-bains\/#breadcrumb","itemListElement":[{"@type":"ListItem","position":1,"name":"Accueil","item":"https:\/\/claireherard.com\/"},{"@type":"ListItem","position":2,"name":"Tendances 2016: dans la salle de bains"}]},{"@type":"WebSite","@id":"https:\/\/claireherard.com\/#website","url":"https:\/\/claireherard.com\/","name":"Claire H\u00e9rard, courtier immobilier","description":"Un site du r\u00e9seau Aliquando","publisher":{"@id":"https:\/\/claireherard.com\/#\/schema\/person\/5a2f62181697a27c9d32633b24aa19c6"},"potentialAction":[{"@type":"SearchAction","target":{"@type":"EntryPoint","urlTemplate":"https:\/\/claireherard.com\/?s={search_term_string}"},"query-input":{"@type":"PropertyValueSpecification","valueRequired":true,"valueName":"search_term_string"}}],"inLanguage":"en-US"},{"@type":["Person","Organization"],"@id":"https:\/\/claireherard.com\/#\/schema\/person\/5a2f62181697a27c9d32633b24aa19c6","name":"CLAIRE HERARD","image":{"@type":"ImageObject","inLanguage":"en-US","@id":"https:\/\/claireherard.com\/#\/schema\/person\/image\/","url":"https:\/\/claireherard.com\/files\/2022\/09\/LOGO-Claire-H.-2022.png","contentUrl":"https:\/\/claireherard.com\/files\/2022\/09\/LOGO-Claire-H.-2022.png","width":500,"height":500,"caption":"CLAIRE HERARD"},"logo":{"@id":"https:\/\/claireherard.com\/#\/schema\/person\/image\/"},"sameAs":["https:\/\/www.facebook.com\/Claire.Herard.courtier.immobilier.Remax.Laval.Mtl\/","https:\/\/www.instagram.com\/claireherard_remax2000\/","https:\/\/www.linkedin.com\/in\/claire-hrard-7797127\/","https:\/\/x.com\/https:\/\/twitter.com\/ClaireHerard"]},{"@type":"Person","@id":"https:\/\/claireherard.com\/#\/schema\/person\/240245372992f4f47301a9431cbaa638","name":"MAUDE GELINAS","image":{"@type":"ImageObject","inLanguage":"en-US","@id":"https:\/\/claireherard.com\/#\/schema\/person\/image\/","url":"https:\/\/secure.gravatar.com\/avatar\/b16e25a4220e94a807580d7c2048aa67cce4f3d763d2ebc202ad24cba0214119?s=96&d=mm&r=g","contentUrl":"https:\/\/secure.gravatar.com\/avatar\/b16e25a4220e94a807580d7c2048aa67cce4f3d763d2ebc202ad24cba0214119?s=96&d=mm&r=g","caption":"MAUDE GELINAS"},"url":"https:\/\/claireherard.com\/en\/author\/16684\/"}]}},"_links":{"self":[{"href":"https:\/\/claireherard.com\/en\/wp-json\/wp\/v2\/posts\/2029","targetHints":{"allow":["GET"]}}],"collection":[{"href":"https:\/\/claireherard.com\/en\/wp-json\/wp\/v2\/posts"}],"about":[{"href":"https:\/\/claireherard.com\/en\/wp-json\/wp\/v2\/types\/post"}],"author":[{"embeddable":true,"href":"https:\/\/claireherard.com\/en\/wp-json\/wp\/v2\/users\/543"}],"replies":[{"embeddable":true,"href":"https:\/\/claireherard.com\/en\/wp-json\/wp\/v2\/comments?post=2029"}],"version-history":[{"count":2,"href":"https:\/\/claireherard.com\/en\/wp-json\/wp\/v2\/posts\/2029\/revisions"}],"predecessor-version":[{"id":2032,"href":"https:\/\/claireherard.com\/en\/wp-json\/wp\/v2\/posts\/2029\/revisions\/2032"}],"wp:attachment":[{"href":"https:\/\/claireherard.com\/en\/wp-json\/wp\/v2\/media?parent=2029"}],"wp:term":[{"taxonomy":"category","embeddable":true,"href":"https:\/\/claireherard.com\/en\/wp-json\/wp\/v2\/categories?post=2029"},{"taxonomy":"post_tag","embeddable":true,"href":"https:\/\/claireherard.com\/en\/wp-json\/wp\/v2\/tags?post=2029"}],"curies":[{"name":"wp","href":"https:\/\/api.w.org\/{rel}","templated":true}]}}