{"id":3303,"date":"2018-09-21T13:18:16","date_gmt":"2018-09-21T17:18:16","guid":{"rendered":"http:\/\/claireherard.com\/?p=3303"},"modified":"2018-09-21T13:18:16","modified_gmt":"2018-09-21T17:18:16","slug":"maison-intergenerationnelle-subventions-fiscalite","status":"publish","type":"post","link":"https:\/\/claireherard.com\/en\/achat-de-maison\/maison-intergenerationnelle-subventions-fiscalite\/","title":{"rendered":"Maison interg\u00e9n\u00e9rationnelle : subventions et fiscalit\u00e9"},"content":{"rendered":"<p class=\"qtranxs-available-languages-message qtranxs-available-languages-message-en\">Sorry, this entry is only available in <a href=\"https:\/\/claireherard.com\/fr\/wp-json\/wp\/v2\/posts\/3303\" class=\"qtranxs-available-language-link qtranxs-available-language-link-fr\" title=\"Fran\u00e7ais\">Fran\u00e7ais<\/a>.<\/p>","protected":false},"excerpt":{"rendered":"<p>Sorry, this entry is only available in Fran\u00e7ais.<\/p>\n","protected":false},"author":544,"featured_media":3304,"comment_status":"open","ping_status":"open","sticky":false,"template":"","format":"standard","meta":{"_acf_changed":false,"footnotes":""},"categories":[10],"tags":[],"class_list":["post-3303","post","type-post","status-publish","format-standard","hentry","category-achat-de-maison"],"acf":[],"yoast_head":"<!-- This site is optimized with the Yoast SEO plugin v26.7 - https:\/\/yoast.com\/wordpress\/plugins\/seo\/ -->\n<title>Maison interg\u00e9n\u00e9rationnelle : subventions et fiscalit\u00e9 - Claire H\u00e9rard, courtier immobilier<\/title>\n<meta name=\"robots\" content=\"index, follow, max-snippet:-1, max-image-preview:large, max-video-preview:-1\" \/>\n<link rel=\"canonical\" href=\"https:\/\/claireherard.com\/en\/achat-de-maison\/maison-intergenerationnelle-subventions-fiscalite\/\" \/>\n<meta property=\"og:locale\" content=\"en_US\" \/>\n<meta property=\"og:type\" content=\"article\" \/>\n<meta property=\"og:title\" content=\"Maison interg\u00e9n\u00e9rationnelle : subventions et fiscalit\u00e9 - Claire H\u00e9rard, courtier immobilier\" \/>\n<meta property=\"og:description\" content=\"Sorry, this entry is only available in Fran\u00e7ais.\" \/>\n<meta property=\"og:url\" content=\"https:\/\/claireherard.com\/en\/achat-de-maison\/maison-intergenerationnelle-subventions-fiscalite\/\" \/>\n<meta property=\"og:site_name\" content=\"Claire H\u00e9rard, courtier immobilier\" \/>\n<meta property=\"article:publisher\" content=\"https:\/\/www.facebook.com\/Claire.Herard.courtier.immobilier.Remax.Laval.Mtl\/\" \/>\n<meta property=\"article:author\" content=\"https:\/\/www.facebook.com\/Claire.Herard.courtier.immobilier.Remax.Laval.Mtl\/\" \/>\n<meta property=\"article:published_time\" content=\"2018-09-21T17:18:16+00:00\" \/>\n<meta property=\"og:image\" content=\"https:\/\/claireherard.com\/files\/2018\/09\/Courtier-immobilier-laval-Ste-doroth\u00e9e-Claire-H\u00e9rard-Agent-immobilier.jpg\" \/>\n\t<meta property=\"og:image:width\" content=\"1200\" \/>\n\t<meta property=\"og:image:height\" content=\"627\" \/>\n\t<meta property=\"og:image:type\" content=\"image\/jpeg\" \/>\n<meta name=\"author\" content=\"CLAIRE HERARD\" \/>\n<meta name=\"twitter:card\" content=\"summary_large_image\" \/>\n<meta name=\"twitter:creator\" content=\"@https:\/\/twitter.com\/ClaireHerard\" \/>\n<meta name=\"twitter:site\" content=\"@ClaireHerard\" \/>\n<meta name=\"twitter:label1\" content=\"Written by\" \/>\n\t<meta name=\"twitter:data1\" content=\"CLAIRE HERARD\" \/>\n\t<meta name=\"twitter:label2\" content=\"Est. reading time\" \/>\n\t<meta name=\"twitter:data2\" content=\"7 minutes\" \/>\n<script type=\"application\/ld+json\" class=\"yoast-schema-graph\">{\"@context\":\"https:\/\/schema.org\",\"@graph\":[{\"@type\":\"Article\",\"@id\":\"https:\/\/claireherard.com\/en\/achat-de-maison\/maison-intergenerationnelle-subventions-fiscalite\/#article\",\"isPartOf\":{\"@id\":\"https:\/\/claireherard.com\/en\/achat-de-maison\/maison-intergenerationnelle-subventions-fiscalite\/\"},\"author\":{\"name\":\"CLAIRE HERARD\",\"@id\":\"https:\/\/claireherard.com\/#\/schema\/person\/5a2f62181697a27c9d32633b24aa19c6\"},\"headline\":\"Maison interg\u00e9n\u00e9rationnelle : subventions et fiscalit\u00e9\",\"datePublished\":\"2018-09-21T17:18:16+00:00\",\"mainEntityOfPage\":{\"@id\":\"https:\/\/claireherard.com\/en\/achat-de-maison\/maison-intergenerationnelle-subventions-fiscalite\/\"},\"wordCount\":1446,\"commentCount\":0,\"publisher\":{\"@id\":\"https:\/\/claireherard.com\/#\/schema\/person\/5a2f62181697a27c9d32633b24aa19c6\"},\"image\":{\"@id\":\"https:\/\/claireherard.com\/en\/achat-de-maison\/maison-intergenerationnelle-subventions-fiscalite\/#primaryimage\"},\"thumbnailUrl\":\"https:\/\/claireherard.com\/files\/2018\/09\/Courtier-immobilier-laval-Ste-doroth\u00e9e-Claire-H\u00e9rard-Agent-immobilier.jpg\",\"articleSection\":[\"ACHAT DE MAISON\"],\"inLanguage\":\"en-US\",\"potentialAction\":[{\"@type\":\"CommentAction\",\"name\":\"Comment\",\"target\":[\"https:\/\/claireherard.com\/en\/achat-de-maison\/maison-intergenerationnelle-subventions-fiscalite\/#respond\"]}]},{\"@type\":\"WebPage\",\"@id\":\"https:\/\/claireherard.com\/en\/achat-de-maison\/maison-intergenerationnelle-subventions-fiscalite\/\",\"url\":\"https:\/\/claireherard.com\/en\/achat-de-maison\/maison-intergenerationnelle-subventions-fiscalite\/\",\"name\":\"Maison interg\u00e9n\u00e9rationnelle : subventions et fiscalit\u00e9 - Claire H\u00e9rard, courtier immobilier\",\"isPartOf\":{\"@id\":\"https:\/\/claireherard.com\/#website\"},\"primaryImageOfPage\":{\"@id\":\"https:\/\/claireherard.com\/en\/achat-de-maison\/maison-intergenerationnelle-subventions-fiscalite\/#primaryimage\"},\"image\":{\"@id\":\"https:\/\/claireherard.com\/en\/achat-de-maison\/maison-intergenerationnelle-subventions-fiscalite\/#primaryimage\"},\"thumbnailUrl\":\"https:\/\/claireherard.com\/files\/2018\/09\/Courtier-immobilier-laval-Ste-doroth\u00e9e-Claire-H\u00e9rard-Agent-immobilier.jpg\",\"datePublished\":\"2018-09-21T17:18:16+00:00\",\"breadcrumb\":{\"@id\":\"https:\/\/claireherard.com\/en\/achat-de-maison\/maison-intergenerationnelle-subventions-fiscalite\/#breadcrumb\"},\"inLanguage\":\"en-US\",\"potentialAction\":[{\"@type\":\"ReadAction\",\"target\":[\"https:\/\/claireherard.com\/en\/achat-de-maison\/maison-intergenerationnelle-subventions-fiscalite\/\"]}]},{\"@type\":\"ImageObject\",\"inLanguage\":\"en-US\",\"@id\":\"https:\/\/claireherard.com\/en\/achat-de-maison\/maison-intergenerationnelle-subventions-fiscalite\/#primaryimage\",\"url\":\"https:\/\/claireherard.com\/files\/2018\/09\/Courtier-immobilier-laval-Ste-doroth\u00e9e-Claire-H\u00e9rard-Agent-immobilier.jpg\",\"contentUrl\":\"https:\/\/claireherard.com\/files\/2018\/09\/Courtier-immobilier-laval-Ste-doroth\u00e9e-Claire-H\u00e9rard-Agent-immobilier.jpg\",\"width\":1200,\"height\":627},{\"@type\":\"BreadcrumbList\",\"@id\":\"https:\/\/claireherard.com\/en\/achat-de-maison\/maison-intergenerationnelle-subventions-fiscalite\/#breadcrumb\",\"itemListElement\":[{\"@type\":\"ListItem\",\"position\":1,\"name\":\"Accueil\",\"item\":\"https:\/\/claireherard.com\/\"},{\"@type\":\"ListItem\",\"position\":2,\"name\":\"Maison interg\u00e9n\u00e9rationnelle : subventions et fiscalit\u00e9\"}]},{\"@type\":\"WebSite\",\"@id\":\"https:\/\/claireherard.com\/#website\",\"url\":\"https:\/\/claireherard.com\/\",\"name\":\"Claire H\u00e9rard, courtier immobilier\",\"description\":\"Un site du r\u00e9seau Aliquando\",\"publisher\":{\"@id\":\"https:\/\/claireherard.com\/#\/schema\/person\/5a2f62181697a27c9d32633b24aa19c6\"},\"potentialAction\":[{\"@type\":\"SearchAction\",\"target\":{\"@type\":\"EntryPoint\",\"urlTemplate\":\"https:\/\/claireherard.com\/?s={search_term_string}\"},\"query-input\":{\"@type\":\"PropertyValueSpecification\",\"valueRequired\":true,\"valueName\":\"search_term_string\"}}],\"inLanguage\":\"en-US\"},{\"@type\":[\"Person\",\"Organization\"],\"@id\":\"https:\/\/claireherard.com\/#\/schema\/person\/5a2f62181697a27c9d32633b24aa19c6\",\"name\":\"CLAIRE HERARD\",\"image\":{\"@type\":\"ImageObject\",\"inLanguage\":\"en-US\",\"@id\":\"https:\/\/claireherard.com\/#\/schema\/person\/image\/\",\"url\":\"https:\/\/claireherard.com\/files\/2022\/09\/LOGO-Claire-H.-2022.png\",\"contentUrl\":\"https:\/\/claireherard.com\/files\/2022\/09\/LOGO-Claire-H.-2022.png\",\"width\":500,\"height\":500,\"caption\":\"CLAIRE HERARD\"},\"logo\":{\"@id\":\"https:\/\/claireherard.com\/#\/schema\/person\/image\/\"},\"sameAs\":[\"https:\/\/www.facebook.com\/Claire.Herard.courtier.immobilier.Remax.Laval.Mtl\/\",\"https:\/\/www.instagram.com\/claireherard_remax2000\/\",\"https:\/\/www.linkedin.com\/in\/claire-hrard-7797127\/\",\"https:\/\/x.com\/https:\/\/twitter.com\/ClaireHerard\"],\"url\":\"https:\/\/claireherard.com\/en\/author\/17196\/\"}]}<\/script>\n<!-- \/ Yoast SEO plugin. -->","yoast_head_json":{"title":"Maison interg\u00e9n\u00e9rationnelle : subventions et fiscalit\u00e9 - Claire H\u00e9rard, courtier immobilier","robots":{"index":"index","follow":"follow","max-snippet":"max-snippet:-1","max-image-preview":"max-image-preview:large","max-video-preview":"max-video-preview:-1"},"canonical":"https:\/\/claireherard.com\/en\/achat-de-maison\/maison-intergenerationnelle-subventions-fiscalite\/","og_locale":"en_US","og_type":"article","og_title":"Maison interg\u00e9n\u00e9rationnelle : subventions et fiscalit\u00e9 - Claire H\u00e9rard, courtier immobilier","og_description":"Sorry, this entry is only available in Fran\u00e7ais.","og_url":"https:\/\/claireherard.com\/en\/achat-de-maison\/maison-intergenerationnelle-subventions-fiscalite\/","og_site_name":"Claire H\u00e9rard, courtier immobilier","article_publisher":"https:\/\/www.facebook.com\/Claire.Herard.courtier.immobilier.Remax.Laval.Mtl\/","article_author":"https:\/\/www.facebook.com\/Claire.Herard.courtier.immobilier.Remax.Laval.Mtl\/","article_published_time":"2018-09-21T17:18:16+00:00","og_image":[{"width":1200,"height":627,"url":"https:\/\/claireherard.com\/files\/2018\/09\/Courtier-immobilier-laval-Ste-doroth\u00e9e-Claire-H\u00e9rard-Agent-immobilier.jpg","type":"image\/jpeg"}],"author":"CLAIRE HERARD","twitter_card":"summary_large_image","twitter_creator":"@https:\/\/twitter.com\/ClaireHerard","twitter_site":"@ClaireHerard","twitter_misc":{"Written by":"CLAIRE HERARD","Est. reading time":"7 minutes"},"schema":{"@context":"https:\/\/schema.org","@graph":[{"@type":"Article","@id":"https:\/\/claireherard.com\/en\/achat-de-maison\/maison-intergenerationnelle-subventions-fiscalite\/#article","isPartOf":{"@id":"https:\/\/claireherard.com\/en\/achat-de-maison\/maison-intergenerationnelle-subventions-fiscalite\/"},"author":{"name":"CLAIRE HERARD","@id":"https:\/\/claireherard.com\/#\/schema\/person\/5a2f62181697a27c9d32633b24aa19c6"},"headline":"Maison interg\u00e9n\u00e9rationnelle : subventions et fiscalit\u00e9","datePublished":"2018-09-21T17:18:16+00:00","mainEntityOfPage":{"@id":"https:\/\/claireherard.com\/en\/achat-de-maison\/maison-intergenerationnelle-subventions-fiscalite\/"},"wordCount":1446,"commentCount":0,"publisher":{"@id":"https:\/\/claireherard.com\/#\/schema\/person\/5a2f62181697a27c9d32633b24aa19c6"},"image":{"@id":"https:\/\/claireherard.com\/en\/achat-de-maison\/maison-intergenerationnelle-subventions-fiscalite\/#primaryimage"},"thumbnailUrl":"https:\/\/claireherard.com\/files\/2018\/09\/Courtier-immobilier-laval-Ste-doroth\u00e9e-Claire-H\u00e9rard-Agent-immobilier.jpg","articleSection":["ACHAT DE MAISON"],"inLanguage":"en-US","potentialAction":[{"@type":"CommentAction","name":"Comment","target":["https:\/\/claireherard.com\/en\/achat-de-maison\/maison-intergenerationnelle-subventions-fiscalite\/#respond"]}]},{"@type":"WebPage","@id":"https:\/\/claireherard.com\/en\/achat-de-maison\/maison-intergenerationnelle-subventions-fiscalite\/","url":"https:\/\/claireherard.com\/en\/achat-de-maison\/maison-intergenerationnelle-subventions-fiscalite\/","name":"Maison interg\u00e9n\u00e9rationnelle : subventions et fiscalit\u00e9 - Claire H\u00e9rard, courtier immobilier","isPartOf":{"@id":"https:\/\/claireherard.com\/#website"},"primaryImageOfPage":{"@id":"https:\/\/claireherard.com\/en\/achat-de-maison\/maison-intergenerationnelle-subventions-fiscalite\/#primaryimage"},"image":{"@id":"https:\/\/claireherard.com\/en\/achat-de-maison\/maison-intergenerationnelle-subventions-fiscalite\/#primaryimage"},"thumbnailUrl":"https:\/\/claireherard.com\/files\/2018\/09\/Courtier-immobilier-laval-Ste-doroth\u00e9e-Claire-H\u00e9rard-Agent-immobilier.jpg","datePublished":"2018-09-21T17:18:16+00:00","breadcrumb":{"@id":"https:\/\/claireherard.com\/en\/achat-de-maison\/maison-intergenerationnelle-subventions-fiscalite\/#breadcrumb"},"inLanguage":"en-US","potentialAction":[{"@type":"ReadAction","target":["https:\/\/claireherard.com\/en\/achat-de-maison\/maison-intergenerationnelle-subventions-fiscalite\/"]}]},{"@type":"ImageObject","inLanguage":"en-US","@id":"https:\/\/claireherard.com\/en\/achat-de-maison\/maison-intergenerationnelle-subventions-fiscalite\/#primaryimage","url":"https:\/\/claireherard.com\/files\/2018\/09\/Courtier-immobilier-laval-Ste-doroth\u00e9e-Claire-H\u00e9rard-Agent-immobilier.jpg","contentUrl":"https:\/\/claireherard.com\/files\/2018\/09\/Courtier-immobilier-laval-Ste-doroth\u00e9e-Claire-H\u00e9rard-Agent-immobilier.jpg","width":1200,"height":627},{"@type":"BreadcrumbList","@id":"https:\/\/claireherard.com\/en\/achat-de-maison\/maison-intergenerationnelle-subventions-fiscalite\/#breadcrumb","itemListElement":[{"@type":"ListItem","position":1,"name":"Accueil","item":"https:\/\/claireherard.com\/"},{"@type":"ListItem","position":2,"name":"Maison interg\u00e9n\u00e9rationnelle : subventions et fiscalit\u00e9"}]},{"@type":"WebSite","@id":"https:\/\/claireherard.com\/#website","url":"https:\/\/claireherard.com\/","name":"Claire H\u00e9rard, courtier immobilier","description":"Un site du r\u00e9seau Aliquando","publisher":{"@id":"https:\/\/claireherard.com\/#\/schema\/person\/5a2f62181697a27c9d32633b24aa19c6"},"potentialAction":[{"@type":"SearchAction","target":{"@type":"EntryPoint","urlTemplate":"https:\/\/claireherard.com\/?s={search_term_string}"},"query-input":{"@type":"PropertyValueSpecification","valueRequired":true,"valueName":"search_term_string"}}],"inLanguage":"en-US"},{"@type":["Person","Organization"],"@id":"https:\/\/claireherard.com\/#\/schema\/person\/5a2f62181697a27c9d32633b24aa19c6","name":"CLAIRE HERARD","image":{"@type":"ImageObject","inLanguage":"en-US","@id":"https:\/\/claireherard.com\/#\/schema\/person\/image\/","url":"https:\/\/claireherard.com\/files\/2022\/09\/LOGO-Claire-H.-2022.png","contentUrl":"https:\/\/claireherard.com\/files\/2022\/09\/LOGO-Claire-H.-2022.png","width":500,"height":500,"caption":"CLAIRE HERARD"},"logo":{"@id":"https:\/\/claireherard.com\/#\/schema\/person\/image\/"},"sameAs":["https:\/\/www.facebook.com\/Claire.Herard.courtier.immobilier.Remax.Laval.Mtl\/","https:\/\/www.instagram.com\/claireherard_remax2000\/","https:\/\/www.linkedin.com\/in\/claire-hrard-7797127\/","https:\/\/x.com\/https:\/\/twitter.com\/ClaireHerard"],"url":"https:\/\/claireherard.com\/en\/author\/17196\/"}]}},"_links":{"self":[{"href":"https:\/\/claireherard.com\/en\/wp-json\/wp\/v2\/posts\/3303","targetHints":{"allow":["GET"]}}],"collection":[{"href":"https:\/\/claireherard.com\/en\/wp-json\/wp\/v2\/posts"}],"about":[{"href":"https:\/\/claireherard.com\/en\/wp-json\/wp\/v2\/types\/post"}],"author":[{"embeddable":true,"href":"https:\/\/claireherard.com\/en\/wp-json\/wp\/v2\/users\/544"}],"replies":[{"embeddable":true,"href":"https:\/\/claireherard.com\/en\/wp-json\/wp\/v2\/comments?post=3303"}],"version-history":[{"count":1,"href":"https:\/\/claireherard.com\/en\/wp-json\/wp\/v2\/posts\/3303\/revisions"}],"predecessor-version":[{"id":3305,"href":"https:\/\/claireherard.com\/en\/wp-json\/wp\/v2\/posts\/3303\/revisions\/3305"}],"wp:featuredmedia":[{"embeddable":true,"href":"https:\/\/claireherard.com\/en\/wp-json\/wp\/v2\/media\/3304"}],"wp:attachment":[{"href":"https:\/\/claireherard.com\/en\/wp-json\/wp\/v2\/media?parent=3303"}],"wp:term":[{"taxonomy":"category","embeddable":true,"href":"https:\/\/claireherard.com\/en\/wp-json\/wp\/v2\/categories?post=3303"},{"taxonomy":"post_tag","embeddable":true,"href":"https:\/\/claireherard.com\/en\/wp-json\/wp\/v2\/tags?post=3303"}],"curies":[{"name":"wp","href":"https:\/\/api.w.org\/{rel}","templated":true}]}}